{"id":67320,"date":"2024-10-06T18:53:54","date_gmt":"2024-10-06T16:53:54","guid":{"rendered":"https:\/\/woordfees.co.za\/uncategorized\/huldeblyk-aan-martie-retief-meiring-een-van-die-beste-mense-is-weg\/"},"modified":"2024-10-09T08:56:12","modified_gmt":"2024-10-09T06:56:12","slug":"huldeblyk-aan-martie-retief-meiring-een-van-die-beste-mense-is-weg","status":"publish","type":"post","link":"https:\/\/woordfees.co.za\/en\/ink-festival-newspaper-2024\/huldeblyk-aan-martie-retief-meiring-een-van-die-beste-mense-is-weg\/","title":{"rendered":"Huldeblyk aan Martie Retief Meiring: \u2018Een van die beste mense is weg\u2019"},"content":{"rendered":"\t\t<div data-elementor-type=\"wp-post\" data-elementor-id=\"67320\" class=\"elementor elementor-67320 elementor-67260\" data-elementor-post-type=\"post\">\n\t\t\t\t\t\t<section class=\"elementor-section elementor-top-section elementor-element elementor-element-33166f6 elementor-section-boxed elementor-section-height-default elementor-section-height-default\" data-id=\"33166f6\" data-element_type=\"section\" data-e-type=\"section\" data-settings=\"{&quot;jet_parallax_layout_list&quot;:[]}\">\n\t\t\t\t\t\t<div class=\"elementor-container elementor-column-gap-default\">\n\t\t\t\t\t<div class=\"elementor-column elementor-col-100 elementor-top-column elementor-element elementor-element-9a09582\" data-id=\"9a09582\" data-element_type=\"column\" data-e-type=\"column\">\n\t\t\t<div class=\"elementor-widget-wrap elementor-element-populated\">\n\t\t\t\t\t\t<div class=\"elementor-element elementor-element-a933955 elementor-widget elementor-widget-text-editor\" data-id=\"a933955\" data-element_type=\"widget\" data-e-type=\"widget\" data-widget_type=\"text-editor.default\">\n\t\t\t\t<div class=\"elementor-widget-container\">\n\t\t\t\t\t\t\t\t\t<h6>NUUS<\/h6>\n\t\t\t\t\t\t\t\t<\/div>\n\t\t\t\t<\/div>\n\t\t\t\t\t<\/div>\n\t\t<\/div>\n\t\t\t\t\t<\/div>\n\t\t<\/section>\n\t\t\t\t<section class=\"elementor-section elementor-top-section elementor-element elementor-element-9eeba8f elementor-section-boxed elementor-section-height-default elementor-section-height-default\" data-id=\"9eeba8f\" data-element_type=\"section\" data-e-type=\"section\" data-settings=\"{&quot;jet_parallax_layout_list&quot;:[]}\">\n\t\t\t\t\t\t<div class=\"elementor-container elementor-column-gap-default\">\n\t\t\t\t\t<div class=\"elementor-column elementor-col-100 elementor-top-column elementor-element elementor-element-80ca74d\" data-id=\"80ca74d\" data-element_type=\"column\" data-e-type=\"column\">\n\t\t\t<div class=\"elementor-widget-wrap elementor-element-populated\">\n\t\t\t\t\t\t<div class=\"elementor-element elementor-element-8d251e6 elementor-widget elementor-widget-heading\" data-id=\"8d251e6\" data-element_type=\"widget\" data-e-type=\"widget\" data-widget_type=\"heading.default\">\n\t\t\t\t<div class=\"elementor-widget-container\">\n\t\t\t\t\t<h2 class=\"elementor-heading-title elementor-size-default\"><span class=\"highlight-text\">Huldeblyk aan Martie Retief Meiring: \u2018Een van die beste mense is weg\u2019 <\/span><\/h2>\t\t\t\t<\/div>\n\t\t\t\t<\/div>\n\t\t\t\t\t<\/div>\n\t\t<\/div>\n\t\t\t\t\t<\/div>\n\t\t<\/section>\n\t\t\t\t<section class=\"elementor-section elementor-top-section elementor-element elementor-element-72c3ebb elementor-section-boxed elementor-section-height-default elementor-section-height-default\" data-id=\"72c3ebb\" data-element_type=\"section\" data-e-type=\"section\" data-settings=\"{&quot;jet_parallax_layout_list&quot;:[]}\">\n\t\t\t\t\t\t<div class=\"elementor-container elementor-column-gap-default\">\n\t\t\t\t\t<div class=\"elementor-column elementor-col-100 elementor-top-column elementor-element elementor-element-82ec7bc\" data-id=\"82ec7bc\" data-element_type=\"column\" data-e-type=\"column\">\n\t\t\t<div class=\"elementor-widget-wrap elementor-element-populated\">\n\t\t\t\t\t\t<div class=\"elementor-element elementor-element-60528a9 elementor-widget elementor-widget-text-editor\" data-id=\"60528a9\" data-element_type=\"widget\" data-e-type=\"widget\" data-widget_type=\"text-editor.default\">\n\t\t\t\t<div class=\"elementor-widget-container\">\n\t\t\t\t\t\t\t\t\t<p>Skrywer: <b>Nadine Petrick<\/b><br \/>Foto: <strong>Natalie Gabriels <\/strong> <\/p>\n\t\t\t\t\t\t\t\t<\/div>\n\t\t\t\t<\/div>\n\t\t\t\t\t<\/div>\n\t\t<\/div>\n\t\t\t\t\t<\/div>\n\t\t<\/section>\n\t\t\t\t<section class=\"elementor-section elementor-top-section elementor-element elementor-element-9bb5969 elementor-section-boxed elementor-section-height-default elementor-section-height-default\" data-id=\"9bb5969\" data-element_type=\"section\" data-e-type=\"section\" data-settings=\"{&quot;jet_parallax_layout_list&quot;:[]}\">\n\t\t\t\t\t\t<div class=\"elementor-container elementor-column-gap-default\">\n\t\t\t\t\t<div class=\"elementor-column elementor-col-100 elementor-top-column elementor-element elementor-element-87931ea\" data-id=\"87931ea\" data-element_type=\"column\" data-e-type=\"column\">\n\t\t\t<div class=\"elementor-widget-wrap elementor-element-populated\">\n\t\t\t\t\t\t<div class=\"elementor-element elementor-element-f28aa5d elementor-drop-cap-yes elementor-drop-cap-view-default elementor-widget elementor-widget-text-editor\" data-id=\"f28aa5d\" data-element_type=\"widget\" data-e-type=\"widget\" data-settings=\"{&quot;drop_cap&quot;:&quot;yes&quot;}\" data-widget_type=\"text-editor.default\">\n\t\t\t\t<div class=\"elementor-widget-container\">\n\t\t\t\t\t\t\t\t\t<p>Verlede week by Aardklop neem ek deel aan een of ander lawwe vasvrakompetisie met Kabous Meiring aan die stuur van sake. Sy stel die paneellede voor en vra ook \u2019n klomp persoonlike dinge, sommer net for the fun of it. \u201cWie is een van jou gunstelingmense,\u201d vra sy, en kyk eerste na my. Ek huiwer nie met my antwoord nie: \u201cJ\u00f3\u00fa ma,\u201d s\u00ea ek. Martie Retief Meiring.     <\/p>\n<p><span style=\"font-weight: 400;\">Dinsdag sien ek vir Martie sit buite Die Khaya in Stellenbosch, besig om te luister na \u2019n gesprek op RSG se OB-verhoog. Ek dink by myself dat ek n\u00e9t klaar gaan eet, dan gaan ek gou hallo s\u00ea. Ek het haar lanklaas gesien. Toe ek \u2019n kort rukkie later uitstap, is sy reeds vort. Maak nie saak nie, het ek gedink, ek sal nog \u2019n honderd keer di\u00e9 week in haar vasloop. Want hierdie was haar kos. Hier het sy geshine. As een van die stigterslede van etlike kunstefeeste en lid van die Woordfees se advieskomitee, was hierdie week in haar tuisdorp \u2019n jaarlikse hoogtepunt.        <\/span><\/p>\n<p><span style=\"font-weight: 400;\">Dit was dus bitter sleg om net \u2019n dag later te hoor dat Martie kritiek in die hospitaal l\u00ea. Sy het sleg geval \u2013 haastig op pad van die een Woordfeesproduksie na die ander. Op amper 90 was sy nog net so spirited en feisty soos altyd en, hoor ek deur die bostelegraaf van vriende en geliefdes, vies dat sy nou \u2019n klomp toneelstukke en praatjies sou moes misloop. Ook bekommerd of sy betyds ontslaan sou word vir haar om \u2019n deadline vir volgende week te haal. Die joernalis immer op haar pos. Maar daai laaste rubriek sou ongeskryf bly. Een van die h\u00e9\u00e9l grotes, nie net van die joernalistiek en kunstelandskap nie, van m\u00e9nse, is op 5 Oktober 2024 weg.      <\/span><\/p>\n<p><span style=\"font-weight: 400;\">Ek blaai deur Facebook kort nadat die nuus van haar afsterwe op Netwerk24 breek. Een n\u00e1 die ander huldeblyk wat haar lof besing as skrywer, kampvegter, kunsteliefhebber, waarnemer, kritikus, sosiale kommentator, vroueregteaktivis, politieke leier. Maar ook vriendin, rigtingwyser, steunpilaar, reusegees, mentor, denker, baanbreker, geliefde familielid, kollega, surrogaat-ouma. Ma.   <\/span><\/p>\n<p><span style=\"font-weight: 400;\">Ek weet daar is baie mense wat vandag hulle eie gunsteling-Martie-storie by \u2019n etenstafel of oor \u2019n glas wyn of saam met vriende by \u2019n braai gaan oorvertel. Ek het \u2019n paar, maar een van my heel lekkerste stories wat ek al by \u2019n honderd dinner parties vertel het, behels in \u00e9lk geval die Meiring-vroue. Pretoria, mid-90\u2019s. Vars uit die skool, en diep onder die indruk van als wat effe boheems, avant-garde en liberaal is, gaan kuier ek een middag by Kabous, toe nog in matriek, by hulle lieflike huis in Brooklyn. In my absolute noppies, want tannie Mart \u2013 \u2019n real-life hero, want sy was die mederedakteur van die oorspronklike     <\/span><i><span style=\"font-weight: 400;\">Vrye Weekblad<\/span><\/i><span style=\"font-weight: 400;\"> \u2013 is ook by die huis. Ek vat die gaping en gaan sit by haar in die sitkamer en gesels, Kabous iewers anders in die huis doening. \u2019n Ruk later kom Kabous met twee glase rooiwyn uit die kombuis gestap, gee een vir my aan en s\u00ea tevrede: \u201cHier is vir jou \u2019n f\u00f3kken goeie glas rooiwyn.\u201d Waarop Martie geskok reageer: \u201cKabous! Daai is gl\u00e1d nie sulke goeie rooiwyn nie!\u201d    <\/span><\/p>\n<p><span style=\"font-weight: 400;\">Mens sukkel om te glo dat jy haar nooit weer in Stellenbosch se strate gaan sien stap nie. Altyd maar op pad iewers heen. Altyd dressed to the nines, gebling en gemake-up. Vir haar sou jy n\u00f3\u00f3it vang sonder dat sy nie op haar beste lyk nie. G\u2019n enkele encounter met haar het nie ook een of ander vorm van \u2019n reprimand gehad nie, meestal glad nie eens verskuild nie: \u201cHoekom skryf jy nie? Jy moet meer skryf!\u201d Komende van die grand dame van joernalistiek was daar nog nooit \u2019n groter kompliment as dit nie. Maar ek weet ek is nie alleen nie. Sy het almal gesi\u00e9n vir wie hulle is.       <\/span><\/p>\n<p><span style=\"font-weight: 400;\">Martie Meiring het \u2019n hele generasie jongmense, veral vroue en baie wat ek persoonlik ken, ge\u00efnspireer om meer te wil wees. Om nie ondergeskik te wees nie. Om voor te vat. Kyk maar net na haar eie kind. En sy was nog altyd net d\u00e1\u00e1r, Martie Retief Meiring. By die aksie, by die toneel, op die toneel. Immer op soek na \u2019n storie en die perfekte sin. Joernalis tot die einde toe.        <\/span><\/p>\n<p><span style=\"font-weight: 400;\">Rus in vrede, liewe tannie Mart. En dankie vir al jou woorde. <\/span><\/p>\n<p><span style=\"font-weight: 400;\">* Ek was nou-nou by Kabous, tannie Mart. Daar\u2019s n\u00e9t so baie mense wat haar liefhet soos vir jou. Birds of a feather, mos, julle twee, al kon julle so lekker stry. Jy hoef nie te bekommer nie, \u2019n klomp van haar heel bestes is daar om te help dra.    <\/span><\/p>\n<p><span style=\"font-weight: 400;\">Net een laaste ding. Toe sy saam met my kar toe stap, toe s\u00ea sy met \u2019n glimlag: \u201cMartie was ook m\u00fd gunstelingmens.\u201d  <\/span><\/p>\n<p><span style=\"font-weight: 400;\">Maar jy het dit mos geweet. <\/span><\/p>\n\t\t\t\t\t\t\t\t<\/div>\n\t\t\t\t<\/div>\n\t\t\t\t\t<\/div>\n\t\t<\/div>\n\t\t\t\t\t<\/div>\n\t\t<\/section>\n\t\t\t\t<section class=\"elementor-section elementor-top-section elementor-element elementor-element-65a182b elementor-section-boxed elementor-section-height-default elementor-section-height-default\" data-id=\"65a182b\" data-element_type=\"section\" data-e-type=\"section\" data-settings=\"{&quot;jet_parallax_layout_list&quot;:[]}\">\n\t\t\t\t\t\t<div class=\"elementor-container elementor-column-gap-default\">\n\t\t\t\t\t<div class=\"elementor-column elementor-col-100 elementor-top-column elementor-element elementor-element-fcb4aa4\" data-id=\"fcb4aa4\" data-element_type=\"column\" data-e-type=\"column\">\n\t\t\t<div class=\"elementor-widget-wrap elementor-element-populated\">\n\t\t\t\t\t\t<div class=\"elementor-element elementor-element-0497f72 elementor-widget elementor-widget-spacer\" data-id=\"0497f72\" data-element_type=\"widget\" data-e-type=\"widget\" data-widget_type=\"spacer.default\">\n\t\t\t\t<div class=\"elementor-widget-container\">\n\t\t\t\t\t\t\t<div class=\"elementor-spacer\">\n\t\t\t<div class=\"elementor-spacer-inner\"><\/div>\n\t\t<\/div>\n\t\t\t\t\t\t<\/div>\n\t\t\t\t<\/div>\n\t\t\t\t\t<\/div>\n\t\t<\/div>\n\t\t\t\t\t<\/div>\n\t\t<\/section>\n\t\t\t\t<section class=\"elementor-section elementor-top-section elementor-element elementor-element-11fc659 elementor-section-boxed elementor-section-height-default elementor-section-height-default\" data-id=\"11fc659\" data-element_type=\"section\" data-e-type=\"section\" data-settings=\"{&quot;jet_parallax_layout_list&quot;:[]}\">\n\t\t\t\t\t\t<div class=\"elementor-container elementor-column-gap-default\">\n\t\t\t\t\t<div class=\"elementor-column elementor-col-100 elementor-top-column elementor-element elementor-element-710132a\" data-id=\"710132a\" data-element_type=\"column\" data-e-type=\"column\">\n\t\t\t<div class=\"elementor-widget-wrap elementor-element-populated\">\n\t\t\t\t\t\t<div class=\"elementor-element elementor-element-ac98eb4 elementor-widget elementor-widget-image\" data-id=\"ac98eb4\" data-element_type=\"widget\" data-e-type=\"widget\" data-widget_type=\"image.default\">\n\t\t\t\t<div class=\"elementor-widget-container\">\n\t\t\t\t\t\t\t\t\t\t\t\t\t\t\t<img fetchpriority=\"high\" decoding=\"async\" width=\"5834\" height=\"1250\" src=\"https:\/\/woordfees.co.za\/wp-content\/uploads\/2024\/10\/atkv-borg.png\" class=\"attachment-full size-full wp-image-65972\" alt=\"\" srcset=\"https:\/\/woordfees.co.za\/wp-content\/uploads\/2024\/10\/atkv-borg.png 5834w, https:\/\/woordfees.co.za\/wp-content\/uploads\/2024\/10\/atkv-borg-300x64.png 300w, https:\/\/woordfees.co.za\/wp-content\/uploads\/2024\/10\/atkv-borg-1024x219.png 1024w, https:\/\/woordfees.co.za\/wp-content\/uploads\/2024\/10\/atkv-borg-768x165.png 768w, https:\/\/woordfees.co.za\/wp-content\/uploads\/2024\/10\/atkv-borg-1536x329.png 1536w, https:\/\/woordfees.co.za\/wp-content\/uploads\/2024\/10\/atkv-borg-2048x439.png 2048w\" sizes=\"(max-width: 5834px) 100vw, 5834px\" \/>\t\t\t\t\t\t\t\t\t\t\t\t\t\t\t<\/div>\n\t\t\t\t<\/div>\n\t\t\t\t\t<\/div>\n\t\t<\/div>\n\t\t\t\t\t<\/div>\n\t\t<\/section>\n\t\t\t\t<\/div>\n\t\t","protected":false},"excerpt":{"rendered":"<p><i class=\"fa-solid fa-pen\"><\/i> Nadine Petrick <\/p>\n","protected":false},"author":3799,"featured_media":67262,"comment_status":"open","ping_status":"closed","sticky":false,"template":"","format":"standard","meta":{"_monsterinsights_skip_tracking":false,"_monsterinsights_sitenote_active":false,"_monsterinsights_sitenote_note":"","_monsterinsights_sitenote_category":0,"footnotes":""},"categories":[309,516],"tags":[517],"class_list":["post-67320","post","type-post","status-publish","format-standard","has-post-thumbnail","hentry","category-news","category-ink-festival-newspaper-2024","tag-ink-festival-newspaper-2024"],"yoast_head":"<!-- This site is optimized with the Yoast SEO plugin v27.4 - https:\/\/yoast.com\/product\/yoast-seo-wordpress\/ -->\n<title>Huldeblyk aan Martie Retief Meiring: \u2018Een van die beste mense is weg\u2019 - Toyota Stellenbosch Woordfees<\/title>\n<meta name=\"robots\" content=\"index, follow, max-snippet:-1, max-image-preview:large, max-video-preview:-1\" \/>\n<link rel=\"canonical\" href=\"https:\/\/woordfees.co.za\/en\/ink-festival-newspaper-2024\/huldeblyk-aan-martie-retief-meiring-een-van-die-beste-mense-is-weg\/\" \/>\n<meta property=\"og:locale\" content=\"en_US\" \/>\n<meta property=\"og:type\" content=\"article\" \/>\n<meta property=\"og:title\" content=\"Huldeblyk aan Martie Retief Meiring: \u2018Een van die beste mense is weg\u2019 - Toyota Stellenbosch Woordfees\" \/>\n<meta property=\"og:description\" content=\"Nadine Petrick\" \/>\n<meta property=\"og:url\" content=\"https:\/\/woordfees.co.za\/en\/ink-festival-newspaper-2024\/huldeblyk-aan-martie-retief-meiring-een-van-die-beste-mense-is-weg\/\" \/>\n<meta property=\"og:site_name\" content=\"Toyota Stellenbosch Woordfees\" \/>\n<meta property=\"article:publisher\" content=\"https:\/\/www.facebook.com\/woordfees\/\" \/>\n<meta property=\"article:published_time\" content=\"2024-10-06T16:53:54+00:00\" \/>\n<meta property=\"article:modified_time\" content=\"2024-10-09T06:56:12+00:00\" \/>\n<meta property=\"og:image\" content=\"https:\/\/woordfees.co.za\/wp-content\/uploads\/2024\/10\/martie-banner.jpg\" \/>\n\t<meta property=\"og:image:width\" content=\"2400\" \/>\n\t<meta property=\"og:image:height\" content=\"1200\" \/>\n\t<meta property=\"og:image:type\" content=\"image\/jpeg\" \/>\n<meta name=\"author\" content=\"INK Redaksie\" \/>\n<meta name=\"twitter:card\" content=\"summary_large_image\" \/>\n<meta name=\"twitter:creator\" content=\"@Woordfees\" \/>\n<meta name=\"twitter:site\" content=\"@Woordfees\" \/>\n<meta name=\"twitter:label1\" content=\"Written by\" \/>\n\t<meta name=\"twitter:data1\" content=\"INK Redaksie\" \/>\n\t<meta name=\"twitter:label2\" content=\"Est. reading time\" \/>\n\t<meta name=\"twitter:data2\" content=\"4 minutes\" \/>\n<script type=\"application\/ld+json\" class=\"yoast-schema-graph\">{\"@context\":\"https:\\\/\\\/schema.org\",\"@graph\":[{\"@type\":\"Article\",\"@id\":\"https:\\\/\\\/woordfees.co.za\\\/en\\\/ink-festival-newspaper-2024\\\/huldeblyk-aan-martie-retief-meiring-een-van-die-beste-mense-is-weg\\\/#article\",\"isPartOf\":{\"@id\":\"https:\\\/\\\/woordfees.co.za\\\/en\\\/ink-festival-newspaper-2024\\\/huldeblyk-aan-martie-retief-meiring-een-van-die-beste-mense-is-weg\\\/\"},\"author\":{\"name\":\"INK Redaksie\",\"@id\":\"https:\\\/\\\/woordfees.co.za\\\/en\\\/#\\\/schema\\\/person\\\/4fa89144f1f64e8103a71de1d4d44c47\"},\"headline\":\"Huldeblyk aan Martie Retief Meiring: \u2018Een van die beste mense is weg\u2019\",\"datePublished\":\"2024-10-06T16:53:54+00:00\",\"dateModified\":\"2024-10-09T06:56:12+00:00\",\"mainEntityOfPage\":{\"@id\":\"https:\\\/\\\/woordfees.co.za\\\/en\\\/ink-festival-newspaper-2024\\\/huldeblyk-aan-martie-retief-meiring-een-van-die-beste-mense-is-weg\\\/\"},\"wordCount\":835,\"commentCount\":0,\"publisher\":{\"@id\":\"https:\\\/\\\/woordfees.co.za\\\/en\\\/#organization\"},\"image\":{\"@id\":\"https:\\\/\\\/woordfees.co.za\\\/en\\\/ink-festival-newspaper-2024\\\/huldeblyk-aan-martie-retief-meiring-een-van-die-beste-mense-is-weg\\\/#primaryimage\"},\"thumbnailUrl\":\"https:\\\/\\\/woordfees.co.za\\\/wp-content\\\/uploads\\\/2024\\\/10\\\/martie-banner.jpg\",\"keywords\":[\"INK Festival Newspaper 2024\"],\"articleSection\":[\"News\",\"INK Festival Newspaper 2024\"],\"inLanguage\":\"en-US\",\"potentialAction\":[{\"@type\":\"CommentAction\",\"name\":\"Comment\",\"target\":[\"https:\\\/\\\/woordfees.co.za\\\/en\\\/ink-festival-newspaper-2024\\\/huldeblyk-aan-martie-retief-meiring-een-van-die-beste-mense-is-weg\\\/#respond\"]}]},{\"@type\":\"WebPage\",\"@id\":\"https:\\\/\\\/woordfees.co.za\\\/en\\\/ink-festival-newspaper-2024\\\/huldeblyk-aan-martie-retief-meiring-een-van-die-beste-mense-is-weg\\\/\",\"url\":\"https:\\\/\\\/woordfees.co.za\\\/en\\\/ink-festival-newspaper-2024\\\/huldeblyk-aan-martie-retief-meiring-een-van-die-beste-mense-is-weg\\\/\",\"name\":\"Huldeblyk aan Martie Retief Meiring: \u2018Een van die beste mense is weg\u2019 - Toyota Stellenbosch Woordfees\",\"isPartOf\":{\"@id\":\"https:\\\/\\\/woordfees.co.za\\\/en\\\/#website\"},\"primaryImageOfPage\":{\"@id\":\"https:\\\/\\\/woordfees.co.za\\\/en\\\/ink-festival-newspaper-2024\\\/huldeblyk-aan-martie-retief-meiring-een-van-die-beste-mense-is-weg\\\/#primaryimage\"},\"image\":{\"@id\":\"https:\\\/\\\/woordfees.co.za\\\/en\\\/ink-festival-newspaper-2024\\\/huldeblyk-aan-martie-retief-meiring-een-van-die-beste-mense-is-weg\\\/#primaryimage\"},\"thumbnailUrl\":\"https:\\\/\\\/woordfees.co.za\\\/wp-content\\\/uploads\\\/2024\\\/10\\\/martie-banner.jpg\",\"datePublished\":\"2024-10-06T16:53:54+00:00\",\"dateModified\":\"2024-10-09T06:56:12+00:00\",\"breadcrumb\":{\"@id\":\"https:\\\/\\\/woordfees.co.za\\\/en\\\/ink-festival-newspaper-2024\\\/huldeblyk-aan-martie-retief-meiring-een-van-die-beste-mense-is-weg\\\/#breadcrumb\"},\"inLanguage\":\"en-US\",\"potentialAction\":[{\"@type\":\"ReadAction\",\"target\":[\"https:\\\/\\\/woordfees.co.za\\\/en\\\/ink-festival-newspaper-2024\\\/huldeblyk-aan-martie-retief-meiring-een-van-die-beste-mense-is-weg\\\/\"]}]},{\"@type\":\"ImageObject\",\"inLanguage\":\"en-US\",\"@id\":\"https:\\\/\\\/woordfees.co.za\\\/en\\\/ink-festival-newspaper-2024\\\/huldeblyk-aan-martie-retief-meiring-een-van-die-beste-mense-is-weg\\\/#primaryimage\",\"url\":\"https:\\\/\\\/woordfees.co.za\\\/wp-content\\\/uploads\\\/2024\\\/10\\\/martie-banner.jpg\",\"contentUrl\":\"https:\\\/\\\/woordfees.co.za\\\/wp-content\\\/uploads\\\/2024\\\/10\\\/martie-banner.jpg\",\"width\":2400,\"height\":1200},{\"@type\":\"BreadcrumbList\",\"@id\":\"https:\\\/\\\/woordfees.co.za\\\/en\\\/ink-festival-newspaper-2024\\\/huldeblyk-aan-martie-retief-meiring-een-van-die-beste-mense-is-weg\\\/#breadcrumb\",\"itemListElement\":[{\"@type\":\"ListItem\",\"position\":1,\"name\":\"Home\",\"item\":\"https:\\\/\\\/woordfees.co.za\\\/en\\\/\"},{\"@type\":\"ListItem\",\"position\":2,\"name\":\"Huldeblyk aan Martie Retief Meiring: \u2018Een van die beste mense is weg\u2019\"}]},{\"@type\":\"WebSite\",\"@id\":\"https:\\\/\\\/woordfees.co.za\\\/en\\\/#website\",\"url\":\"https:\\\/\\\/woordfees.co.za\\\/en\\\/\",\"name\":\"Toyota Stellenbosch Woordfees\",\"description\":\"28 Sept - 6 Oct\",\"publisher\":{\"@id\":\"https:\\\/\\\/woordfees.co.za\\\/en\\\/#organization\"},\"potentialAction\":[{\"@type\":\"SearchAction\",\"target\":{\"@type\":\"EntryPoint\",\"urlTemplate\":\"https:\\\/\\\/woordfees.co.za\\\/en\\\/?s={search_term_string}\"},\"query-input\":{\"@type\":\"PropertyValueSpecification\",\"valueRequired\":true,\"valueName\":\"search_term_string\"}}],\"inLanguage\":\"en-US\"},{\"@type\":\"Organization\",\"@id\":\"https:\\\/\\\/woordfees.co.za\\\/en\\\/#organization\",\"name\":\"TOYOYA US Woordfees\",\"url\":\"https:\\\/\\\/woordfees.co.za\\\/en\\\/\",\"logo\":{\"@type\":\"ImageObject\",\"inLanguage\":\"en-US\",\"@id\":\"https:\\\/\\\/woordfees.co.za\\\/en\\\/#\\\/schema\\\/logo\\\/image\\\/\",\"url\":\"https:\\\/\\\/woordfees.co.za\\\/wp-content\\\/uploads\\\/2022\\\/05\\\/cropped-woordfees-logo-salmon-pink-1.png\",\"contentUrl\":\"https:\\\/\\\/woordfees.co.za\\\/wp-content\\\/uploads\\\/2022\\\/05\\\/cropped-woordfees-logo-salmon-pink-1.png\",\"width\":800,\"height\":800,\"caption\":\"TOYOYA US Woordfees\"},\"image\":{\"@id\":\"https:\\\/\\\/woordfees.co.za\\\/en\\\/#\\\/schema\\\/logo\\\/image\\\/\"},\"sameAs\":[\"https:\\\/\\\/www.facebook.com\\\/woordfees\\\/\",\"https:\\\/\\\/x.com\\\/Woordfees\",\"https:\\\/\\\/www.youtube.com\\\/channel\\\/UCSUHCg3ZLsDWLrMCKcjiilA\",\"https:\\\/\\\/iono.fm\\\/p\\\/67\",\"https:\\\/\\\/www.instagram.com\\\/woordfees\\\/\"]},{\"@type\":\"Person\",\"@id\":\"https:\\\/\\\/woordfees.co.za\\\/en\\\/#\\\/schema\\\/person\\\/4fa89144f1f64e8103a71de1d4d44c47\",\"name\":\"INK Redaksie\",\"image\":{\"@type\":\"ImageObject\",\"inLanguage\":\"en-US\",\"@id\":\"https:\\\/\\\/secure.gravatar.com\\\/avatar\\\/76fa8af0ba0ad3d16d6a5507eeccd8a33f14c3cf8b6f1ccab83da08499be5645?s=96&d=mm&r=g\",\"url\":\"https:\\\/\\\/secure.gravatar.com\\\/avatar\\\/76fa8af0ba0ad3d16d6a5507eeccd8a33f14c3cf8b6f1ccab83da08499be5645?s=96&d=mm&r=g\",\"contentUrl\":\"https:\\\/\\\/secure.gravatar.com\\\/avatar\\\/76fa8af0ba0ad3d16d6a5507eeccd8a33f14c3cf8b6f1ccab83da08499be5645?s=96&d=mm&r=g\",\"caption\":\"INK Redaksie\"},\"url\":\"https:\\\/\\\/woordfees.co.za\\\/en\\\/author\\\/ink-redaksie\\\/\"}]}<\/script>\n<!-- \/ Yoast SEO plugin. -->","yoast_head_json":{"title":"Huldeblyk aan Martie Retief Meiring: \u2018Een van die beste mense is weg\u2019 - Toyota Stellenbosch Woordfees","robots":{"index":"index","follow":"follow","max-snippet":"max-snippet:-1","max-image-preview":"max-image-preview:large","max-video-preview":"max-video-preview:-1"},"canonical":"https:\/\/woordfees.co.za\/en\/ink-festival-newspaper-2024\/huldeblyk-aan-martie-retief-meiring-een-van-die-beste-mense-is-weg\/","og_locale":"en_US","og_type":"article","og_title":"Huldeblyk aan Martie Retief Meiring: \u2018Een van die beste mense is weg\u2019 - Toyota Stellenbosch Woordfees","og_description":"Nadine Petrick","og_url":"https:\/\/woordfees.co.za\/en\/ink-festival-newspaper-2024\/huldeblyk-aan-martie-retief-meiring-een-van-die-beste-mense-is-weg\/","og_site_name":"Toyota Stellenbosch Woordfees","article_publisher":"https:\/\/www.facebook.com\/woordfees\/","article_published_time":"2024-10-06T16:53:54+00:00","article_modified_time":"2024-10-09T06:56:12+00:00","og_image":[{"width":2400,"height":1200,"url":"https:\/\/woordfees.co.za\/wp-content\/uploads\/2024\/10\/martie-banner.jpg","type":"image\/jpeg"}],"author":"INK Redaksie","twitter_card":"summary_large_image","twitter_creator":"@Woordfees","twitter_site":"@Woordfees","twitter_misc":{"Written by":"INK Redaksie","Est. reading time":"4 minutes"},"schema":{"@context":"https:\/\/schema.org","@graph":[{"@type":"Article","@id":"https:\/\/woordfees.co.za\/en\/ink-festival-newspaper-2024\/huldeblyk-aan-martie-retief-meiring-een-van-die-beste-mense-is-weg\/#article","isPartOf":{"@id":"https:\/\/woordfees.co.za\/en\/ink-festival-newspaper-2024\/huldeblyk-aan-martie-retief-meiring-een-van-die-beste-mense-is-weg\/"},"author":{"name":"INK Redaksie","@id":"https:\/\/woordfees.co.za\/en\/#\/schema\/person\/4fa89144f1f64e8103a71de1d4d44c47"},"headline":"Huldeblyk aan Martie Retief Meiring: \u2018Een van die beste mense is weg\u2019","datePublished":"2024-10-06T16:53:54+00:00","dateModified":"2024-10-09T06:56:12+00:00","mainEntityOfPage":{"@id":"https:\/\/woordfees.co.za\/en\/ink-festival-newspaper-2024\/huldeblyk-aan-martie-retief-meiring-een-van-die-beste-mense-is-weg\/"},"wordCount":835,"commentCount":0,"publisher":{"@id":"https:\/\/woordfees.co.za\/en\/#organization"},"image":{"@id":"https:\/\/woordfees.co.za\/en\/ink-festival-newspaper-2024\/huldeblyk-aan-martie-retief-meiring-een-van-die-beste-mense-is-weg\/#primaryimage"},"thumbnailUrl":"https:\/\/woordfees.co.za\/wp-content\/uploads\/2024\/10\/martie-banner.jpg","keywords":["INK Festival Newspaper 2024"],"articleSection":["News","INK Festival Newspaper 2024"],"inLanguage":"en-US","potentialAction":[{"@type":"CommentAction","name":"Comment","target":["https:\/\/woordfees.co.za\/en\/ink-festival-newspaper-2024\/huldeblyk-aan-martie-retief-meiring-een-van-die-beste-mense-is-weg\/#respond"]}]},{"@type":"WebPage","@id":"https:\/\/woordfees.co.za\/en\/ink-festival-newspaper-2024\/huldeblyk-aan-martie-retief-meiring-een-van-die-beste-mense-is-weg\/","url":"https:\/\/woordfees.co.za\/en\/ink-festival-newspaper-2024\/huldeblyk-aan-martie-retief-meiring-een-van-die-beste-mense-is-weg\/","name":"Huldeblyk aan Martie Retief Meiring: \u2018Een van die beste mense is weg\u2019 - Toyota Stellenbosch Woordfees","isPartOf":{"@id":"https:\/\/woordfees.co.za\/en\/#website"},"primaryImageOfPage":{"@id":"https:\/\/woordfees.co.za\/en\/ink-festival-newspaper-2024\/huldeblyk-aan-martie-retief-meiring-een-van-die-beste-mense-is-weg\/#primaryimage"},"image":{"@id":"https:\/\/woordfees.co.za\/en\/ink-festival-newspaper-2024\/huldeblyk-aan-martie-retief-meiring-een-van-die-beste-mense-is-weg\/#primaryimage"},"thumbnailUrl":"https:\/\/woordfees.co.za\/wp-content\/uploads\/2024\/10\/martie-banner.jpg","datePublished":"2024-10-06T16:53:54+00:00","dateModified":"2024-10-09T06:56:12+00:00","breadcrumb":{"@id":"https:\/\/woordfees.co.za\/en\/ink-festival-newspaper-2024\/huldeblyk-aan-martie-retief-meiring-een-van-die-beste-mense-is-weg\/#breadcrumb"},"inLanguage":"en-US","potentialAction":[{"@type":"ReadAction","target":["https:\/\/woordfees.co.za\/en\/ink-festival-newspaper-2024\/huldeblyk-aan-martie-retief-meiring-een-van-die-beste-mense-is-weg\/"]}]},{"@type":"ImageObject","inLanguage":"en-US","@id":"https:\/\/woordfees.co.za\/en\/ink-festival-newspaper-2024\/huldeblyk-aan-martie-retief-meiring-een-van-die-beste-mense-is-weg\/#primaryimage","url":"https:\/\/woordfees.co.za\/wp-content\/uploads\/2024\/10\/martie-banner.jpg","contentUrl":"https:\/\/woordfees.co.za\/wp-content\/uploads\/2024\/10\/martie-banner.jpg","width":2400,"height":1200},{"@type":"BreadcrumbList","@id":"https:\/\/woordfees.co.za\/en\/ink-festival-newspaper-2024\/huldeblyk-aan-martie-retief-meiring-een-van-die-beste-mense-is-weg\/#breadcrumb","itemListElement":[{"@type":"ListItem","position":1,"name":"Home","item":"https:\/\/woordfees.co.za\/en\/"},{"@type":"ListItem","position":2,"name":"Huldeblyk aan Martie Retief Meiring: \u2018Een van die beste mense is weg\u2019"}]},{"@type":"WebSite","@id":"https:\/\/woordfees.co.za\/en\/#website","url":"https:\/\/woordfees.co.za\/en\/","name":"Toyota Stellenbosch Woordfees","description":"28 Sept - 6 Oct","publisher":{"@id":"https:\/\/woordfees.co.za\/en\/#organization"},"potentialAction":[{"@type":"SearchAction","target":{"@type":"EntryPoint","urlTemplate":"https:\/\/woordfees.co.za\/en\/?s={search_term_string}"},"query-input":{"@type":"PropertyValueSpecification","valueRequired":true,"valueName":"search_term_string"}}],"inLanguage":"en-US"},{"@type":"Organization","@id":"https:\/\/woordfees.co.za\/en\/#organization","name":"TOYOYA US Woordfees","url":"https:\/\/woordfees.co.za\/en\/","logo":{"@type":"ImageObject","inLanguage":"en-US","@id":"https:\/\/woordfees.co.za\/en\/#\/schema\/logo\/image\/","url":"https:\/\/woordfees.co.za\/wp-content\/uploads\/2022\/05\/cropped-woordfees-logo-salmon-pink-1.png","contentUrl":"https:\/\/woordfees.co.za\/wp-content\/uploads\/2022\/05\/cropped-woordfees-logo-salmon-pink-1.png","width":800,"height":800,"caption":"TOYOYA US Woordfees"},"image":{"@id":"https:\/\/woordfees.co.za\/en\/#\/schema\/logo\/image\/"},"sameAs":["https:\/\/www.facebook.com\/woordfees\/","https:\/\/x.com\/Woordfees","https:\/\/www.youtube.com\/channel\/UCSUHCg3ZLsDWLrMCKcjiilA","https:\/\/iono.fm\/p\/67","https:\/\/www.instagram.com\/woordfees\/"]},{"@type":"Person","@id":"https:\/\/woordfees.co.za\/en\/#\/schema\/person\/4fa89144f1f64e8103a71de1d4d44c47","name":"INK Redaksie","image":{"@type":"ImageObject","inLanguage":"en-US","@id":"https:\/\/secure.gravatar.com\/avatar\/76fa8af0ba0ad3d16d6a5507eeccd8a33f14c3cf8b6f1ccab83da08499be5645?s=96&d=mm&r=g","url":"https:\/\/secure.gravatar.com\/avatar\/76fa8af0ba0ad3d16d6a5507eeccd8a33f14c3cf8b6f1ccab83da08499be5645?s=96&d=mm&r=g","contentUrl":"https:\/\/secure.gravatar.com\/avatar\/76fa8af0ba0ad3d16d6a5507eeccd8a33f14c3cf8b6f1ccab83da08499be5645?s=96&d=mm&r=g","caption":"INK Redaksie"},"url":"https:\/\/woordfees.co.za\/en\/author\/ink-redaksie\/"}]}},"_links":{"self":[{"href":"https:\/\/woordfees.co.za\/en\/wp-json\/wp\/v2\/posts\/67320","targetHints":{"allow":["GET"]}}],"collection":[{"href":"https:\/\/woordfees.co.za\/en\/wp-json\/wp\/v2\/posts"}],"about":[{"href":"https:\/\/woordfees.co.za\/en\/wp-json\/wp\/v2\/types\/post"}],"author":[{"embeddable":true,"href":"https:\/\/woordfees.co.za\/en\/wp-json\/wp\/v2\/users\/3799"}],"replies":[{"embeddable":true,"href":"https:\/\/woordfees.co.za\/en\/wp-json\/wp\/v2\/comments?post=67320"}],"version-history":[{"count":0,"href":"https:\/\/woordfees.co.za\/en\/wp-json\/wp\/v2\/posts\/67320\/revisions"}],"wp:featuredmedia":[{"embeddable":true,"href":"https:\/\/woordfees.co.za\/en\/wp-json\/wp\/v2\/media\/67262"}],"wp:attachment":[{"href":"https:\/\/woordfees.co.za\/en\/wp-json\/wp\/v2\/media?parent=67320"}],"wp:term":[{"taxonomy":"category","embeddable":true,"href":"https:\/\/woordfees.co.za\/en\/wp-json\/wp\/v2\/categories?post=67320"},{"taxonomy":"post_tag","embeddable":true,"href":"https:\/\/woordfees.co.za\/en\/wp-json\/wp\/v2\/tags?post=67320"}],"curies":[{"name":"wp","href":"https:\/\/api.w.org\/{rel}","templated":true}]}}